[{"@context":"https:\/\/schema.org\/","@type":"Article","@id":"https:\/\/www.warcon.cz\/zijte-prijemne-i-v-malem-byte\/#Article","mainEntityOfPage":"https:\/\/www.warcon.cz\/zijte-prijemne-i-v-malem-byte\/","headline":"\u017dijte p\u0159\u00edjemn\u011b i v mal\u00e9m byt\u011b","name":"\u017dijte p\u0159\u00edjemn\u011b i v mal\u00e9m byt\u011b","description":"Pokud m\u00e1 \u010dlov\u011bk velk\u00fd byt nebo dokonce d\u016fm, \u017eije se mu p\u0159ece jenom pon\u011bkud jinak ne\u017e tomu, kdo se mus\u00ed ve sv\u00e9m p\u0159\u00edbytku&hellip;","datePublished":"2019-08-10","dateModified":"2023-04-25","author":{"@type":"Person","@id":"https:\/\/www.warcon.cz\/author\/devene\/#Person","name":"warcon.cz","url":"https:\/\/www.warcon.cz\/author\/devene\/","identifier":1,"image":{"@type":"ImageObject","@id":"https:\/\/secure.gravatar.com\/avatar\/4860d213c5bedfa07ff2b166ff7b069759f9dbf79eae813578c75f9f8cb939b7?s=96&d=mm&r=g","url":"https:\/\/secure.gravatar.com\/avatar\/4860d213c5bedfa07ff2b166ff7b069759f9dbf79eae813578c75f9f8cb939b7?s=96&d=mm&r=g","height":96,"width":96}},"publisher":{"@type":"Organization","name":"warcon.cz","logo":{"@type":"ImageObject","@id":"\/logo.png","url":"\/logo.png","width":600,"height":60}},"image":{"@type":"ImageObject","@id":"https:\/\/www.warcon.cz\/wp-content\/uploads\/img_a358591_w1696_t1572947260.jpg","url":"https:\/\/www.warcon.cz\/wp-content\/uploads\/img_a358591_w1696_t1572947260.jpg","height":0,"width":0},"url":"https:\/\/www.warcon.cz\/zijte-prijemne-i-v-malem-byte\/","about":["Bydlen\u00ed"],"wordCount":513,"articleBody":"         Pokud m\u00e1 \u010dlov\u011bk velk\u00fd byt nebo dokonce d\u016fm, \u017eije se mu p\u0159ece jenom pon\u011bkud jinak ne\u017e tomu, kdo se mus\u00ed ve sv\u00e9m p\u0159\u00edbytku nejednou i doslova t\u00edsnit. P\u0159i\u010dem\u017e je ale hned zkraje z\u00e1hodno dodat, \u017ee to rozhodn\u011b neznamen\u00e1, \u017ee m\u00e1 obyvatel bytu v\u011bt\u0161\u00edho ve v\u0161ech ohledech jednodu\u0161\u0161\u00ed a p\u0159\u00edjemn\u011bj\u0161\u00ed \u017eivot. Ka\u017ed\u00e1 takov\u00e1 nemovitost m\u00e1 toti\u017e svoje p\u0159ednosti i nedostatky.   Kdo \u017eije v byt\u011b velk\u00e9m, m\u00e1 logicky v\u00fdhodu v tom, \u017ee m\u00e1 daleko v\u00edce \u017eivotn\u00edho prostoru a \u017ee se mu tam toho i daleko v\u00edce vejde. M\u016f\u017ee si tam tedy po\u0159\u00eddit daleko v\u00edce v\u011bc\u00ed, kter\u00e9 mu mohou jeho \u017eivot zp\u0159\u00edjem\u0148ovat nebo usnad\u0148ovat, a to bez rizika, \u017ee se mezi takov\u00e9 v\u011bci nakonec u\u017e on s\u00e1m nevejde. Jen\u017ee na druhou stranu je t\u0159eba zm\u00ednit dejme tomu to, \u017ee tyto v\u011bci stoj\u00ed pen\u00edze a za\u0159\u00edzen\u00ed podobn\u00e9ho velk\u00e9ho bytu je tak finan\u010dn\u011b daleko n\u00e1ro\u010dn\u011bj\u0161\u00ed, a dra\u017e\u0161\u00ed jsou tu pochopiteln\u011b i n\u00e1jem, topen\u00ed, \u00fadr\u017eba, ba i da\u0148 z nemovitosti a jin\u00e9 v\u00fddaje. A t\u0159eba i \u00faklid takov\u00e9ho velk\u00e9ho bytu je logicky o pozn\u00e1n\u00ed n\u00e1ro\u010dn\u011bj\u0161\u00ed.  Ten, komu je souzeno \u017e\u00edt v byt\u011b mal\u00e9m, se pak mus\u00ed sm\u00ed\u0159it s t\u00edm, \u017ee mu m\u016f\u017ee b\u00fdt doma i velice t\u011bsno a \u017ee si tam nem\u016f\u017ee po\u0159\u00eddit v\u0161e, co si jenom usmysl\u00ed. Mus\u00ed p\u0159em\u00fd\u0161let nejen nad t\u00edm, co se mu tam hod\u00ed, ale i nad t\u00edm, zda se mu to tam vejde. Ov\u0161em ani majitel bytu mal\u00e9ho si nemus\u00ed zoufat. P\u0159em\u00fd\u0161l\u00ed-li toti\u017e, ur\u010dit\u011b nalezne \u0159e\u0161en\u00ed, jak i do mal\u00e9ho prostoru dostat v\u0161e, \u010deho je mu tam zapot\u0159eb\u00ed, a to bez nutnosti se n\u011bjak omezovat. A jak si po\u010d\u00ednat, pokud za\u0159izujete mal\u00fd byt? Jak to zaona\u010dit, aby i mal\u00fd byt vypadal velk\u00fd, v\u011bt\u0161\u00ed, ne\u017e ve skute\u010dnosti je? P\u0159edn\u011b by v n\u011bm m\u011bly b\u00fdt pou\u017e\u00edv\u00e1ny sv\u011btl\u00e9 barvy, je\u017e prostor opticky zv\u011bt\u0161uj\u00ed. Jist\u011b, jedn\u00e1 se o pouh\u00e9 \u0161\u00e1len\u00ed zraku, ale \u010dlov\u011bk se hned l\u00e9pe c\u00edt\u00ed. Pak je tu z\u00e1hodno m\u00edt i ide\u00e1ln\u00ed osv\u011btlen\u00ed, je\u017e rovn\u011b\u017e p\u0159isp\u00edv\u00e1 ke zd\u00e1n\u00ed velikosti, stejn\u011b jako t\u0159eba vhodn\u011b um\u00edst\u011bn\u00e1 zrcadla, je\u017e m\u00edstnost zd\u00e1nliv\u011b prodlu\u017euj\u00ed. Ov\u0161em zapomenout by se nem\u011blo ani na za\u0161upovac\u00ed dve\u0159e nam\u00edsto t\u011bch klasick\u00fdch. T\u0159eba u\u017e i jenom proto, \u017ee tyto zaberou m\u00e9n\u011b m\u00edsta. Co\u017e je v takov\u00e9m byt\u011b d\u016fle\u017eit\u00e9; proto\u017ee ani b\u00edl\u00fd byt pln\u00fd zrcadel se ve skute\u010dnosti nezv\u011bt\u0161\u00ed. A pak se m\u016f\u017eete doma c\u00edtit pomalu jako v pal\u00e1ci. I na pouh\u00fdch n\u011bkolika \u010dtvere\u010dn\u00edch metrech.                                                                                                                                                                                                                                                                                                                                                                                           4.2\/5 - (4 votes)        "},{"@context":"https:\/\/schema.org\/","@type":"BreadcrumbList","itemListElement":[{"@type":"ListItem","position":1,"name":"\u017dijte p\u0159\u00edjemn\u011b i v mal\u00e9m byt\u011b","item":"https:\/\/www.warcon.cz\/zijte-prijemne-i-v-malem-byte\/#breadcrumbitem"}]}]