{"@context":"https:\/\/schema.org\/","@type":"CollectionPage","@id":"https:\/\/www.warcon.cz\/zdravi\/#CollectionPage","headline":"Zdrav\u00ed Category","description":"","url":"https:\/\/www.warcon.cz\/zdravi\/","hasPart":[{"@type":"Article","@id":"https:\/\/www.warcon.cz\/boli-vas-zada-zpevnete-si-bricho\/","headline":"Bol\u00ed v\u00e1s z\u00e1da? Zpevn\u011bte si b\u0159icho","url":"https:\/\/www.warcon.cz\/boli-vas-zada-zpevnete-si-bricho\/","datePublished":"2025-03-01","dateModified":"2023-04-25","mainEntityOfPage":"https:\/\/www.warcon.cz\/boli-vas-zada-zpevnete-si-bricho\/","author":{"@type":"Person","@id":"https:\/\/www.warcon.cz\/author\/devene\/#Person","name":"warcon.cz","url":"https:\/\/www.warcon.cz\/author\/devene\/","identifier":1,"image":{"@type":"ImageObject","@id":"https:\/\/secure.gravatar.com\/avatar\/4860d213c5bedfa07ff2b166ff7b069759f9dbf79eae813578c75f9f8cb939b7?s=96&d=mm&r=g","url":"https:\/\/secure.gravatar.com\/avatar\/4860d213c5bedfa07ff2b166ff7b069759f9dbf79eae813578c75f9f8cb939b7?s=96&d=mm&r=g","height":96,"width":96}},"publisher":{"@type":"Organization","name":"warcon.cz","logo":{"@type":"ImageObject","@id":"\/logo.png","url":"\/logo.png","width":600,"height":60}},"image":{"@type":"ImageObject","@id":"https:\/\/www.warcon.cz\/wp-content\/uploads\/img_a309428_w1696_t1520333844.png","url":"https:\/\/www.warcon.cz\/wp-content\/uploads\/img_a309428_w1696_t1520333844.png","height":0,"width":0},"keywords":null},{"@type":"Article","@id":"https:\/\/www.warcon.cz\/nechvalny-pozitek-z-jidla\/","headline":"Nechvaln\u00fd po\u017eitek z j\u00eddla","url":"https:\/\/www.warcon.cz\/nechvalny-pozitek-z-jidla\/","datePublished":"2025-02-26","dateModified":"2023-04-25","mainEntityOfPage":"https:\/\/www.warcon.cz\/nechvalny-pozitek-z-jidla\/","author":{"@type":"Person","@id":"https:\/\/www.warcon.cz\/author\/devene\/#Person","name":"warcon.cz","url":"https:\/\/www.warcon.cz\/author\/devene\/","identifier":1,"image":{"@type":"ImageObject","@id":"https:\/\/secure.gravatar.com\/avatar\/4860d213c5bedfa07ff2b166ff7b069759f9dbf79eae813578c75f9f8cb939b7?s=96&d=mm&r=g","url":"https:\/\/secure.gravatar.com\/avatar\/4860d213c5bedfa07ff2b166ff7b069759f9dbf79eae813578c75f9f8cb939b7?s=96&d=mm&r=g","height":96,"width":96}},"publisher":{"@type":"Organization","name":"warcon.cz","logo":{"@type":"ImageObject","@id":"\/logo.png","url":"\/logo.png","width":600,"height":60}},"image":{"@type":"ImageObject","@id":"https:\/\/www.warcon.cz\/wp-content\/uploads\/img_a334710_w1696_t1548305655.jpg","url":"https:\/\/www.warcon.cz\/wp-content\/uploads\/img_a334710_w1696_t1548305655.jpg","height":0,"width":0},"keywords":null},{"@type":"Article","@id":"https:\/\/www.warcon.cz\/jste-az-prilis-uzkostlivi\/","headline":"Jste a\u017e p\u0159\u00edli\u0161 \u00fazkostliv\u00ed?","url":"https:\/\/www.warcon.cz\/jste-az-prilis-uzkostlivi\/","datePublished":"2023-04-25","dateModified":"2023-04-25","mainEntityOfPage":"https:\/\/www.warcon.cz\/jste-az-prilis-uzkostlivi\/","author":{"@type":"Person","@id":"https:\/\/www.warcon.cz\/author\/devene\/#Person","name":"warcon.cz","url":"https:\/\/www.warcon.cz\/author\/devene\/","identifier":1,"image":{"@type":"ImageObject","@id":"https:\/\/secure.gravatar.com\/avatar\/4860d213c5bedfa07ff2b166ff7b069759f9dbf79eae813578c75f9f8cb939b7?s=96&d=mm&r=g","url":"https:\/\/secure.gravatar.com\/avatar\/4860d213c5bedfa07ff2b166ff7b069759f9dbf79eae813578c75f9f8cb939b7?s=96&d=mm&r=g","height":96,"width":96}},"publisher":{"@type":"Organization","name":"warcon.cz","logo":{"@type":"ImageObject","@id":"\/logo.png","url":"\/logo.png","width":600,"height":60}},"image":null,"keywords":null},{"@type":"Article","@id":"https:\/\/www.warcon.cz\/slunce-je-pul-zdravi\/","headline":"Slunce je p\u016fl zdrav\u00ed","url":"https:\/\/www.warcon.cz\/slunce-je-pul-zdravi\/","datePublished":"2023-04-25","dateModified":"2023-04-25","mainEntityOfPage":"https:\/\/www.warcon.cz\/slunce-je-pul-zdravi\/","author":{"@type":"Person","@id":"https:\/\/www.warcon.cz\/author\/devene\/#Person","name":"warcon.cz","url":"https:\/\/www.warcon.cz\/author\/devene\/","identifier":1,"image":{"@type":"ImageObject","@id":"https:\/\/secure.gravatar.com\/avatar\/4860d213c5bedfa07ff2b166ff7b069759f9dbf79eae813578c75f9f8cb939b7?s=96&d=mm&r=g","url":"https:\/\/secure.gravatar.com\/avatar\/4860d213c5bedfa07ff2b166ff7b069759f9dbf79eae813578c75f9f8cb939b7?s=96&d=mm&r=g","height":96,"width":96}},"publisher":{"@type":"Organization","name":"warcon.cz","logo":{"@type":"ImageObject","@id":"\/logo.png","url":"\/logo.png","width":600,"height":60}},"image":null,"keywords":null},{"@type":"Article","@id":"https:\/\/www.warcon.cz\/jak-to-mate-s-vahou\/","headline":"JAK TO M\u00c1TE S V\u00c1HOU?","url":"https:\/\/www.warcon.cz\/jak-to-mate-s-vahou\/","datePublished":"2023-04-25","dateModified":"2023-04-25","mainEntityOfPage":"https:\/\/www.warcon.cz\/jak-to-mate-s-vahou\/","author":{"@type":"Person","@id":"https:\/\/www.warcon.cz\/author\/devene\/#Person","name":"warcon.cz","url":"https:\/\/www.warcon.cz\/author\/devene\/","identifier":1,"image":{"@type":"ImageObject","@id":"https:\/\/secure.gravatar.com\/avatar\/4860d213c5bedfa07ff2b166ff7b069759f9dbf79eae813578c75f9f8cb939b7?s=96&d=mm&r=g","url":"https:\/\/secure.gravatar.com\/avatar\/4860d213c5bedfa07ff2b166ff7b069759f9dbf79eae813578c75f9f8cb939b7?s=96&d=mm&r=g","height":96,"width":96}},"publisher":{"@type":"Organization","name":"warcon.cz","logo":{"@type":"ImageObject","@id":"\/logo.png","url":"\/logo.png","width":600,"height":60}},"image":null,"keywords":null},{"@type":"Article","@id":"https:\/\/www.warcon.cz\/tekutiny-a-nase-zdravi\/","headline":"Tekutiny a na\u0161e zdrav\u00ed","url":"https:\/\/www.warcon.cz\/tekutiny-a-nase-zdravi\/","datePublished":"2023-04-25","dateModified":"2023-04-25","mainEntityOfPage":"https:\/\/www.warcon.cz\/tekutiny-a-nase-zdravi\/","author":{"@type":"Person","@id":"https:\/\/www.warcon.cz\/author\/devene\/#Person","name":"warcon.cz","url":"https:\/\/www.warcon.cz\/author\/devene\/","identifier":1,"image":{"@type":"ImageObject","@id":"https:\/\/secure.gravatar.com\/avatar\/4860d213c5bedfa07ff2b166ff7b069759f9dbf79eae813578c75f9f8cb939b7?s=96&d=mm&r=g","url":"https:\/\/secure.gravatar.com\/avatar\/4860d213c5bedfa07ff2b166ff7b069759f9dbf79eae813578c75f9f8cb939b7?s=96&d=mm&r=g","height":96,"width":96}},"publisher":{"@type":"Organization","name":"warcon.cz","logo":{"@type":"ImageObject","@id":"\/logo.png","url":"\/logo.png","width":600,"height":60}},"image":null,"keywords":null},{"@type":"Article","@id":"https:\/\/www.warcon.cz\/vite-kdy-je-ten-pravy-cas-pustit-se-do-hubnuti\/","headline":"V\u00edte, kdy je ten prav\u00fd \u010das, pustit se do hubnut\u00ed?","url":"https:\/\/www.warcon.cz\/vite-kdy-je-ten-pravy-cas-pustit-se-do-hubnuti\/","datePublished":"2019-12-20","dateModified":"2023-04-25","mainEntityOfPage":"https:\/\/www.warcon.cz\/vite-kdy-je-ten-pravy-cas-pustit-se-do-hubnuti\/","author":{"@type":"Person","@id":"https:\/\/www.warcon.cz\/author\/devene\/#Person","name":"warcon.cz","url":"https:\/\/www.warcon.cz\/author\/devene\/","identifier":1,"image":{"@type":"ImageObject","@id":"https:\/\/secure.gravatar.com\/avatar\/4860d213c5bedfa07ff2b166ff7b069759f9dbf79eae813578c75f9f8cb939b7?s=96&d=mm&r=g","url":"https:\/\/secure.gravatar.com\/avatar\/4860d213c5bedfa07ff2b166ff7b069759f9dbf79eae813578c75f9f8cb939b7?s=96&d=mm&r=g","height":96,"width":96}},"publisher":{"@type":"Organization","name":"warcon.cz","logo":{"@type":"ImageObject","@id":"\/logo.png","url":"\/logo.png","width":600,"height":60}},"image":{"@type":"ImageObject","@id":"https:\/\/www.warcon.cz\/wp-content\/uploads\/img_a367751_w1696_t1580285217.jpg","url":"https:\/\/www.warcon.cz\/wp-content\/uploads\/img_a367751_w1696_t1580285217.jpg","height":0,"width":0},"keywords":null},{"@type":"Article","@id":"https:\/\/www.warcon.cz\/jak-bojovat-s-padanim-vlasu\/","headline":"Jak bojovat s pad\u00e1n\u00edm vlas\u016f","url":"https:\/\/www.warcon.cz\/jak-bojovat-s-padanim-vlasu\/","datePublished":"2019-08-20","dateModified":"2023-04-25","mainEntityOfPage":"https:\/\/www.warcon.cz\/jak-bojovat-s-padanim-vlasu\/","author":{"@type":"Person","@id":"https:\/\/www.warcon.cz\/author\/devene\/#Person","name":"warcon.cz","url":"https:\/\/www.warcon.cz\/author\/devene\/","identifier":1,"image":{"@type":"ImageObject","@id":"https:\/\/secure.gravatar.com\/avatar\/4860d213c5bedfa07ff2b166ff7b069759f9dbf79eae813578c75f9f8cb939b7?s=96&d=mm&r=g","url":"https:\/\/secure.gravatar.com\/avatar\/4860d213c5bedfa07ff2b166ff7b069759f9dbf79eae813578c75f9f8cb939b7?s=96&d=mm&r=g","height":96,"width":96}},"publisher":{"@type":"Organization","name":"warcon.cz","logo":{"@type":"ImageObject","@id":"\/logo.png","url":"\/logo.png","width":600,"height":60}},"image":{"@type":"ImageObject","@id":"https:\/\/www.warcon.cz\/wp-content\/uploads\/img_a358584_w1696_t1572946354.jpg","url":"https:\/\/www.warcon.cz\/wp-content\/uploads\/img_a358584_w1696_t1572946354.jpg","height":0,"width":0},"keywords":null},{"@type":"Article","@id":"https:\/\/www.warcon.cz\/problemy-v-pritomnosti-jsou-nasledky-problemu-v-minulosti\/","headline":"Probl\u00e9my v p\u0159\u00edtomnosti, jsou n\u00e1sledky probl\u00e9m\u016f v minulosti","url":"https:\/\/www.warcon.cz\/problemy-v-pritomnosti-jsou-nasledky-problemu-v-minulosti\/","datePublished":"2019-06-19","dateModified":"2023-11-13","mainEntityOfPage":"https:\/\/www.warcon.cz\/problemy-v-pritomnosti-jsou-nasledky-problemu-v-minulosti\/","author":{"@type":"Person","@id":"https:\/\/www.warcon.cz\/author\/devene\/#Person","name":"warcon.cz","url":"https:\/\/www.warcon.cz\/author\/devene\/","identifier":1,"image":{"@type":"ImageObject","@id":"https:\/\/secure.gravatar.com\/avatar\/4860d213c5bedfa07ff2b166ff7b069759f9dbf79eae813578c75f9f8cb939b7?s=96&d=mm&r=g","url":"https:\/\/secure.gravatar.com\/avatar\/4860d213c5bedfa07ff2b166ff7b069759f9dbf79eae813578c75f9f8cb939b7?s=96&d=mm&r=g","height":96,"width":96}},"publisher":{"@type":"Organization","name":"warcon.cz","logo":{"@type":"ImageObject","@id":"\/logo.png","url":"\/logo.png","width":600,"height":60}},"image":{"@type":"ImageObject","@id":"https:\/\/www.warcon.cz\/wp-content\/uploads\/img_a349438_w1696_t1564383767.jpg","url":"https:\/\/www.warcon.cz\/wp-content\/uploads\/img_a349438_w1696_t1564383767.jpg","height":0,"width":0},"keywords":null},{"@type":"Article","@id":"https:\/\/www.warcon.cz\/ortodoncie\/","headline":"Ortodoncie","url":"https:\/\/www.warcon.cz\/ortodoncie\/","datePublished":"2019-03-16","dateModified":"2023-04-25","mainEntityOfPage":"https:\/\/www.warcon.cz\/ortodoncie\/","author":{"@type":"Person","@id":"https:\/\/www.warcon.cz\/author\/devene\/#Person","name":"warcon.cz","url":"https:\/\/www.warcon.cz\/author\/devene\/","identifier":1,"image":{"@type":"ImageObject","@id":"https:\/\/secure.gravatar.com\/avatar\/4860d213c5bedfa07ff2b166ff7b069759f9dbf79eae813578c75f9f8cb939b7?s=96&d=mm&r=g","url":"https:\/\/secure.gravatar.com\/avatar\/4860d213c5bedfa07ff2b166ff7b069759f9dbf79eae813578c75f9f8cb939b7?s=96&d=mm&r=g","height":96,"width":96}},"publisher":{"@type":"Organization","name":"warcon.cz","logo":{"@type":"ImageObject","@id":"\/logo.png","url":"\/logo.png","width":600,"height":60}},"image":{"@type":"ImageObject","@id":"https:\/\/www.warcon.cz\/wp-content\/uploads\/img_a342595_w1696_t1555413845.jpg","url":"https:\/\/www.warcon.cz\/wp-content\/uploads\/img_a342595_w1696_t1555413845.jpg","height":0,"width":0},"keywords":null}]}