[{"@context":"https:\/\/schema.org\/","@type":"Article","@id":"https:\/\/www.warcon.cz\/vestavena-skrin-by-nemela-chybet-v-zadne-domacnosti\/#Article","mainEntityOfPage":"https:\/\/www.warcon.cz\/vestavena-skrin-by-nemela-chybet-v-zadne-domacnosti\/","headline":"Vestav\u011bn\u00e1 sk\u0159\u00ed\u0148 by nem\u011bla chyb\u011bt v \u017e\u00e1dn\u00e9 dom\u00e1cnosti!","name":"Vestav\u011bn\u00e1 sk\u0159\u00ed\u0148 by nem\u011bla chyb\u011bt v \u017e\u00e1dn\u00e9 dom\u00e1cnosti!","description":"M\u00e1te u\u017e doma vestav\u011bnou sk\u0159\u00ed\u0148? Pokud ne, pak byste se m\u011bli zamyslet nad t\u00edm, zda v\u00e1m pr\u00e1v\u011b tento kus n\u00e1bytku citeln\u011b nechyb\u00ed. Pozn\u00e1te&hellip;","datePublished":"2019-06-25","dateModified":"2023-04-25","author":{"@type":"Person","@id":"https:\/\/www.warcon.cz\/author\/devene\/#Person","name":"warcon.cz","url":"https:\/\/www.warcon.cz\/author\/devene\/","identifier":1,"image":{"@type":"ImageObject","@id":"https:\/\/secure.gravatar.com\/avatar\/4860d213c5bedfa07ff2b166ff7b069759f9dbf79eae813578c75f9f8cb939b7?s=96&d=mm&r=g","url":"https:\/\/secure.gravatar.com\/avatar\/4860d213c5bedfa07ff2b166ff7b069759f9dbf79eae813578c75f9f8cb939b7?s=96&d=mm&r=g","height":96,"width":96}},"publisher":{"@type":"Organization","name":"warcon.cz","logo":{"@type":"ImageObject","@id":"\/logo.png","url":"\/logo.png","width":600,"height":60}},"image":{"@type":"ImageObject","@id":"https:\/\/www.warcon.cz\/wp-content\/uploads\/img_a355811_w1696_t1570447588.jpg","url":"https:\/\/www.warcon.cz\/wp-content\/uploads\/img_a355811_w1696_t1570447588.jpg","height":0,"width":0},"url":"https:\/\/www.warcon.cz\/vestavena-skrin-by-nemela-chybet-v-zadne-domacnosti\/","about":["Produkty"],"wordCount":433,"articleBody":"           M\u00e1te u\u017e doma vestav\u011bnou sk\u0159\u00ed\u0148? Pokud ne, pak byste se m\u011bli zamyslet nad t\u00edm, zda v\u00e1m pr\u00e1v\u011b tento kus n\u00e1bytku citeln\u011b nechyb\u00ed. Pozn\u00e1te to nap\u0159\u00edklad podle toho, \u017ee nem\u00e1te kam ukl\u00e1dat sv\u00e9 svr\u0161ky, boty, zimn\u00ed od\u011bvy, ly\u017ee anebo t\u0159eba spot\u0159ebi\u010de a kufry. V ka\u017ed\u00e9 dom\u00e1cnosti se najde cel\u00e1 \u0159ada v\u011bc\u00ed, kter\u00e9 neust\u00e1le hledaj\u00ed sv\u00e9 m\u00edsto, a vy t\u00e1pete, kam byste je mohli \u0161ikovn\u011b schovat do doby, kdy je zase budete pot\u0159ebovat. Tam, kde je opravdu m\u00e1lo m\u00edsta, kon\u010d\u00ed v\u0161echny tyto pot\u0159eby na sk\u0159\u00edn\u00edch a za nimi, pod sedac\u00ed soupravou anebo za r\u016fzn\u00fdmi z\u00e1v\u011bsy \u010di na balk\u00f3n\u011b. Tam, kde je m\u00edsta v\u00edce, doch\u00e1z\u00ed k ucp\u00e1n\u00ed bytu \u0159adami p\u0159epln\u011bn\u00fdch sk\u0159\u00edn\u00ed. Ale nen\u00ed to v\u0161echny zbyte\u010dn\u00e9? Kdy\u017e vsad\u00edte na praktickou vestav\u011bnou sk\u0159\u00ed\u0148 Praha Sten-skrine, tak si tyto starosti m\u016f\u017eete u\u0161et\u0159it. A spolu s nimi ve sv\u00e9m byt\u011b u\u0161et\u0159\u00edte mnoho m\u00edsta, kter\u00e9 m\u016f\u017eete vyu\u017e\u00edt jinak, a v\u00e1\u0161 byt bude moci zase d\u00fdchat. Nejde zdaleka jen o to, \u017ee jsou v sou\u010dasnosti v m\u00f3d\u011b voln\u00e9 a vzdu\u0161n\u00e9 interi\u00e9ry s minim\u00e1ln\u00edm mno\u017estv\u00edm n\u00e1bytku, d\u016fle\u017eit\u00e9 je p\u0159edev\u0161\u00edm to, jak se u sebe doma c\u00edt\u00edte. A je jasn\u00e9, \u017ee kdy\u017e bude v\u00e1\u0161 byt zahlcen\u00fd v\u011bcmi i n\u00e1bytkem, nebude v n\u011bm p\u0159\u00edjemn\u011b ani v\u00e1m, ani va\u0161im n\u00e1v\u0161t\u011bv\u00e1m, nebo\u0165 bude p\u016fsobit st\u00edsn\u011bn\u011b a neuspo\u0159\u00e1dan\u011b. Tomu se lze snadno vyhnout, kdy\u017e ji\u017e na za\u010d\u00e1tku, p\u0159edt\u00edm, ne\u017e sv\u016fj byt vybav\u00edte n\u00e1bytkem, pomysl\u00edte na vestav\u011bn\u00e9 sk\u0159\u00edn\u011b na m\u00edru, a alespo\u0148 jednu takovou si nech\u00e1te zhotovit. Nicm\u00e9n\u011b nikdy nen\u00ed pozd\u011b, a jestli\u017ee doma praktickou vestav\u011bnou sk\u0159\u00ed\u0148 z libovoln\u00fdch d\u016fvod\u016f nem\u00e1te, nemus\u00edte zoufat. V\u0161e se d\u00e1 lehce napravit. Sta\u010d\u00ed, kdy\u017e kontaktujete toho prav\u00e9ho v\u00fdrobce, kter\u00fd v\u00e1m poskytne \u0161pi\u010dkov\u00e9 slu\u017eby. Kvalita nemus\u00ed b\u00fdt ani moc drah\u00e1, a p\u0159esto bude v\u00fdsledek st\u00e1t za to. Sk\u0159\u00ed\u0148 se p\u0159esn\u011b p\u0159izp\u016fsob\u00ed vymezen\u00e9mu prostoru, poskytne v\u00e1m dostatek m\u00edsta na v\u0161echny va\u0161e v\u011bci, a nav\u00edc bude dokonalou ozdobou va\u0161eho interi\u00e9ru, a\u0165 u\u017e fand\u00edte libovoln\u00e9mu stylu.                                                                                                                                                                                                                                                                                                                                                                                          2.7\/5 - (3 votes)        "},{"@context":"https:\/\/schema.org\/","@type":"BreadcrumbList","itemListElement":[{"@type":"ListItem","position":1,"name":"Vestav\u011bn\u00e1 sk\u0159\u00ed\u0148 by nem\u011bla chyb\u011bt v \u017e\u00e1dn\u00e9 dom\u00e1cnosti!","item":"https:\/\/www.warcon.cz\/vestavena-skrin-by-nemela-chybet-v-zadne-domacnosti\/#breadcrumbitem"}]}]