[{"@context":"https:\/\/schema.org\/","@type":"Article","@id":"https:\/\/www.warcon.cz\/stani-pro-vas-vuz\/#Article","mainEntityOfPage":"https:\/\/www.warcon.cz\/stani-pro-vas-vuz\/","headline":"St\u00e1n\u00ed pro V\u00e1\u0161 v\u016fz","name":"St\u00e1n\u00ed pro V\u00e1\u0161 v\u016fz","description":"Mnoho z n\u00e1s bydl\u00ed v rodinn\u00fdch domech. To tak\u00e9 \u010dasto obn\u00e1\u0161\u00ed, \u017ee se dopravujeme na pot\u0159ebn\u00e1 m\u00edsta vlastn\u00edm automobilem a tak se nen\u00ed&hellip;","datePublished":"2019-12-20","dateModified":"2023-12-11","author":{"@type":"Person","@id":"https:\/\/www.warcon.cz\/author\/devene\/#Person","name":"warcon.cz","url":"https:\/\/www.warcon.cz\/author\/devene\/","identifier":1,"image":{"@type":"ImageObject","@id":"https:\/\/secure.gravatar.com\/avatar\/4860d213c5bedfa07ff2b166ff7b069759f9dbf79eae813578c75f9f8cb939b7?s=96&d=mm&r=g","url":"https:\/\/secure.gravatar.com\/avatar\/4860d213c5bedfa07ff2b166ff7b069759f9dbf79eae813578c75f9f8cb939b7?s=96&d=mm&r=g","height":96,"width":96}},"publisher":{"@type":"Organization","name":"warcon.cz","logo":{"@type":"ImageObject","@id":"\/logo.png","url":"\/logo.png","width":600,"height":60}},"image":{"@type":"ImageObject","@id":"https:\/\/www.warcon.cz\/wp-content\/uploads\/img_a368208_w1696_t1580470928.jpg","url":"https:\/\/www.warcon.cz\/wp-content\/uploads\/img_a368208_w1696_t1580470928.jpg","height":0,"width":0},"url":"https:\/\/www.warcon.cz\/stani-pro-vas-vuz\/","about":["Produkty"],"wordCount":506,"articleBody":"         Mnoho z n\u00e1s bydl\u00ed v rodinn\u00fdch domech. To tak\u00e9 \u010dasto obn\u00e1\u0161\u00ed, \u017ee se dopravujeme na pot\u0159ebn\u00e1 m\u00edsta vlastn\u00edm automobilem a tak se nen\u00ed co divit, \u017ee jich po sv\u011bt\u011b ji\u017e jezd\u00ed v\u00edc ne\u017e dost a \u017ee n\u011bkter\u00e9 rodiny jich maj\u00ed p\u0159ed domem, nebo dokonce na ulici, hned n\u011bkolik. Je to probl\u00e9m s parkov\u00e1n\u00edm ve m\u011bstech, ale i na venkov\u011b. Pokud nav\u00edc https:\/\/www.unicef.cz\/jak-vyuzivame-dary  bydl\u00edte v rodinn\u00e9m dom\u011b, ale ten nem\u00e1 gar\u00e1\u017e, \u010dili zrovna p\u0159istaven\u00fd kus plochy a zast\u0159e\u0161en\u00fd, pak je probl\u00e9m mnohdy na sv\u011bt\u011b. Kam tedy s vozem? Nechat ho parkovat na ulici ur\u010dit\u011b m\u016f\u017eeme, ale probl\u00e9m je v tom, \u017ee se o n\u011bm strachujeme. V\u011bt\u0161\u00ed riziko kr\u00e1de\u017ee nikoho nepot\u011b\u0161\u00ed a to ani V\u00e1s ani poji\u0161\u0165ovnu. Proto je nebezpe\u010dn\u00e9 nech\u00e1vat jej na ulici. To je jako vstupenka pro zlod\u011bje.  Rozhodn\u011b m\u011bjte v\u016fz na vlastn\u00edm pozemku Vozidlo by se ani nem\u011blo ofici\u00e1ln\u011b parkovat na ulici, kdy\u017e kousek opod\u00e1l m\u00e1te vlastn\u00ed pozemek. Mus\u00ed st\u00e1t v\u017edy na vlastn\u00edm pozemku. Br\u00e1nu je jednoduch\u00e9 ud\u011blat a st\u00e1n\u00ed si m\u016f\u017eete koupit. Po\u0159\u00eddit si jej nemus\u00ed b\u00fdt finan\u010dn\u011b n\u00e1kladn\u00e9, tak\u017ee to zvl\u00e1dne ka\u017ed\u00fd. M\u00e1 to mnoh\u00e9 v\u00fdhody. Gar\u00e1\u017e v r\u00e1mci domu si nem\u016f\u017ee dovolit ka\u017ed\u00fd. K tomu je pot\u0159eba dostatek prostoru a financ\u00ed. Ov\u0161em snad ka\u017ed\u00fd m\u00e1 u sv\u00e9ho dome\u010dku kousek m\u00edsta, aby se n\u00e1m sem vlezl nap\u0159\u00edklad p\u00e1r metr\u016f dlouh\u00fd a p\u00e1r metr\u016f \u0161irok\u00fd p\u0159\u00edst\u0159e\u0161ek. P\u0159\u00edst\u0159e\u0161ek na auto vyu\u017e\u00edv\u00e1me v p\u0159\u00edpad\u011b, \u017ee mus\u00edme nech\u00e1vat automobil st\u00e1t venku a nem\u00e1me vlastn\u00ed gar\u00e1\u017e. Pokud zohledn\u00edme tato stanoviska, pak je pr\u00e1v\u011b zast\u0159e\u0161en\u00ed v podob\u011b podobn\u00e9ho \u201enadst\u0159e\u0161en\u00ed\u201c, naprosto vhodn\u00fdm \u0159e\u0161en\u00edm. V\u00fdhody nadst\u0159e\u0161en\u00ed:   V\u016fz m\u00e1te na vlastn\u00edm, soukrom\u00e9m pozemku. Nikdo V\u00e1m nem\u016f\u017ee nic kreslit na ok\u00fdnka. Nebude na n\u011bj pr\u0161et ani sn\u011b\u017eit. Nemus\u00edte odkl\u00edzet v zim\u011b sn\u00edh z kapoty. U\u017e \u017e\u00e1dn\u00e9 kroupy, ani hl\u00e1\u0161en\u00ed \u0161kody na poji\u0161\u0165ovn\u011b.  Existuje hned n\u011bkolik typ\u016f, tak\u017ee je z \u010deho vyb\u00edrat, m\u016f\u017eete si po\u0159\u00eddit st\u00e1n\u00ed s rovnou nebo \u0161ikmou st\u0159echou. K dispozici je tak\u00e9 st\u00e1n\u00ed pro jedno nebo hned pro dv\u011b vozidla.  Samoz\u0159ejm\u011b ze d\u0159eva  Klasick\u00fd, l\u00edbiv\u00fd, praktick\u00fd a nejlep\u0161\u00ed materi\u00e1l. Hod\u00ed se do p\u0159\u00edrody, \u010dili p\u0159esn\u011b vedle Va\u0161eho obydl\u00ed. Skv\u011ble dopln\u00ed jakoukoliv zahradu a m\u016f\u017eete ho vyu\u017e\u00edt i jako pergolu. D\u0159evo je zkr\u00e1tka a dob\u0159e materi\u00e1l, se kter\u00fdm se dob\u0159e pracuje, ale je tak\u00e9 praktick\u00fd a nemus\u00ed se v\u016fbec udr\u017eovat.                                                                                                                                                                                                                                                                                                                                                                                          2.7\/5 - (4 votes)        "},{"@context":"https:\/\/schema.org\/","@type":"BreadcrumbList","itemListElement":[{"@type":"ListItem","position":1,"name":"St\u00e1n\u00ed pro V\u00e1\u0161 v\u016fz","item":"https:\/\/www.warcon.cz\/stani-pro-vas-vuz\/#breadcrumbitem"}]}]