[{"@context":"https:\/\/schema.org\/","@type":"Article","@id":"https:\/\/www.warcon.cz\/nekdy-to-bez-auta-nejde\/#Article","mainEntityOfPage":"https:\/\/www.warcon.cz\/nekdy-to-bez-auta-nejde\/","headline":"N\u011bkdy to bez auta nejde","name":"N\u011bkdy to bez auta nejde","description":"Je mezi n\u00e1mi spousta t\u011bch, kdo nemaj\u00ed v oblib\u011b cestov\u00e1n\u00ed kamkoliv za humna. A pokud tito nemaj\u00ed ani povinnost tak \u010dinit, nen\u00ed jim&hellip;","datePublished":"2019-07-13","dateModified":"2023-04-25","author":{"@type":"Person","@id":"https:\/\/www.warcon.cz\/author\/devene\/#Person","name":"warcon.cz","url":"https:\/\/www.warcon.cz\/author\/devene\/","identifier":1,"image":{"@type":"ImageObject","@id":"https:\/\/secure.gravatar.com\/avatar\/4860d213c5bedfa07ff2b166ff7b069759f9dbf79eae813578c75f9f8cb939b7?s=96&d=mm&r=g","url":"https:\/\/secure.gravatar.com\/avatar\/4860d213c5bedfa07ff2b166ff7b069759f9dbf79eae813578c75f9f8cb939b7?s=96&d=mm&r=g","height":96,"width":96}},"publisher":{"@type":"Organization","name":"warcon.cz","logo":{"@type":"ImageObject","@id":"\/logo.png","url":"\/logo.png","width":600,"height":60}},"image":{"@type":"ImageObject","@id":"https:\/\/www.warcon.cz\/wp-content\/uploads\/img_a353190_w1696_t1567590299.jpg","url":"https:\/\/www.warcon.cz\/wp-content\/uploads\/img_a353190_w1696_t1567590299.jpg","height":0,"width":0},"url":"https:\/\/www.warcon.cz\/nekdy-to-bez-auta-nejde\/","about":["Podnik\u00e1n\u00ed"],"wordCount":453,"articleBody":"       Je mezi n\u00e1mi spousta t\u011bch, kdo nemaj\u00ed v oblib\u011b cestov\u00e1n\u00ed kamkoliv za humna. A pokud tito nemaj\u00ed ani povinnost tak \u010dinit, nen\u00ed jim logicky osobn\u00ed automobil zapot\u0159eb\u00ed. Pro\u010d by jim m\u011bl st\u00e1t n\u011bkde na dvorku a reziv\u011bt, p\u0159\u00edpadn\u011b pro\u010d by m\u011bl b\u00fdt odstaven na m\u011bstsk\u00e9m parkovi\u0161ti, kde ho m\u016f\u017ee kdykoliv n\u011bjak\u00fd podvratn\u00fd element \u201ao\u010desat\u2018, pro\u010d by jeho majitel m\u011bl platit v\u0161echny ty s provozem vozidla souvisej\u00edc\u00ed platby, je\u017e by mu nebyly zhola k ni\u010demu? Ov\u0161em n\u011bkdy nastanou i situace, kdy je vyu\u017eit\u00ed takov\u00e9ho auta zapot\u0159eb\u00ed. Kdy je nezbytn\u00e9 odcestovat n\u011bkam, kam to ve\u0159ejnou dopravou z n\u011bjak\u00e9ho d\u016fvodu nejde, respektive kdy\u017e se mus\u00ed st\u011bhovat n\u011bco, co se do autobusu \u010di vlaku nevejde nebo je to pro svou potenci\u00e1ln\u00ed nebezpe\u010dnost \u010di nep\u0159\u00edjemnost zak\u00e1zan\u00e9 br\u00e1t na palubu. A co pak? Ani kdy\u017e m\u00e1 ten, jemu\u017e osud postavil do cesty tuto p\u0159ek\u00e1\u017eku, \u0159idi\u010dsk\u00fd pr\u016fkaz, nen\u00ed mu tento k ni\u010demu, nem\u00e1-li auto. A pokud mu sv\u016fj v\u016fz nep\u016fj\u010d\u00ed ani nikdo ze soused\u016f, zn\u00e1m\u00fdch, p\u0159\u00edbuzn\u00fdch \u010di p\u0159\u00e1tel? Pak se nab\u00edz\u00ed snad jedin\u011b vyu\u017eit\u00ed taxislu\u017eby, je\u017e ale vesm\u011bs vyjde na nemal\u00e9 pen\u00edze. Nebo\u2026 Heur\u00e9ka! V\u017edy\u0165 ono si je mo\u017en\u00e9 takov\u00e9 auto i p\u016fj\u010dit. Co\u017e je z\u0159ejm\u011b to nejsnaz\u0161\u00ed \u0159e\u0161en\u00ed, jak probl\u00e9m, jen\u017e tu vyvstal, vy\u0159e\u0161it. Proto\u017ee mo\u017enosti, je\u017e \u010dlov\u011bku nab\u00edz\u00ed t\u0159eba nejlevn\u011bj\u0161\u00ed autop\u016fj\u010dovna Praha, jsou p\u0159\u00edmo ide\u00e1ln\u00ed. Lep\u0161\u00ed \u0159e\u0161en\u00ed v takov\u00e9 chv\u00edli ani nelze nal\u00e9zt. V t\u00e9to p\u016fj\u010dovn\u011b s dlouholetou tradic\u00ed, p\u0159edstavuj\u00edc\u00ed ji\u017e p\u011btadvacet let \u00fasp\u011b\u0161n\u00e9 existence, se toti\u017e t\u011bm, kdo to pot\u0159ebuj\u00ed, nab\u00edzej\u00ed hned t\u0159i typy \u0161kodovek. A to logicky \u017e\u00e1dn\u00fdch vrak\u016f, n\u00fdbr\u017e voz\u016f, kter\u00e9 proch\u00e1zej\u00ed pravideln\u011b v\u0161emi povinn\u00fdmi prohl\u00eddkami, kter\u00e9 maj\u00ed pojistku a d\u00e1lni\u010dn\u00ed zn\u00e1mku. A pochopiteln\u011b i zimn\u00ed pneumatiky a dal\u0161\u00ed nezbytn\u00e9 n\u00e1le\u017eitosti. \u010clov\u011bk si tu m\u016f\u017ee takov\u00e9 vozidlo p\u016fj\u010dit za tu bezkonkuren\u010dn\u011b nejp\u0159\u00edzniv\u011bj\u0161\u00ed cenu a na libovoln\u011b dlouhou dobu. A to v p\u0159\u00edpad\u011b z\u00e1jmu klidn\u011b i s \u0159idi\u010dem. P\u016fj\u010dit si tu takov\u00e9 auto je v\u00edc ne\u017e jednoduch\u00e9. A na sv\u00e9 si p\u0159ijde i ten, kdo j\u00edm pot\u0159ebuje absolvovat t\u0159eba i jen jedinou j\u00edzdu. A pak u\u017e nikdy nevyt\u00e1hne paty z rodn\u00e9 v\u00edsky.                                                                                                                                                                                                                                                                                                                                                                                          3\/5 - (4 votes)        "},{"@context":"https:\/\/schema.org\/","@type":"BreadcrumbList","itemListElement":[{"@type":"ListItem","position":1,"name":"N\u011bkdy to bez auta nejde","item":"https:\/\/www.warcon.cz\/nekdy-to-bez-auta-nejde\/#breadcrumbitem"}]}]