[{"@context":"https:\/\/schema.org\/","@type":"Article","@id":"https:\/\/www.warcon.cz\/kde-jsou-cile-tam-je-spousta-prace-o-cilech-k-cilum-pro-cile-ma-to-vubec-cenu\/#Article","mainEntityOfPage":"https:\/\/www.warcon.cz\/kde-jsou-cile-tam-je-spousta-prace-o-cilech-k-cilum-pro-cile-ma-to-vubec-cenu\/","headline":"Kde jsou c\u00edle, tam je spousta pr\u00e1ce o c\u00edlech, k c\u00edl\u016fm, pro c\u00edle\u2026 m\u00e1 to v\u016fbec cenu?","name":"Kde jsou c\u00edle, tam je spousta pr\u00e1ce o c\u00edlech, k c\u00edl\u016fm, pro c\u00edle\u2026 m\u00e1 to v\u016fbec cenu?","description":"Hodnota v\u011bc\u00ed je relativn\u00ed, jeliko\u017e ka\u017ed\u00fd si cen\u00edme r\u016fzn\u00fdch v\u011bc\u00ed jinak. Pro n\u011bkoho m\u016f\u017ee m\u00edt cenu slunce a jeho paprsky dopadaj\u00edc\u00ed na zemi&hellip;","datePublished":"2025-02-26","dateModified":"2023-04-25","author":{"@type":"Person","@id":"https:\/\/www.warcon.cz\/author\/devene\/#Person","name":"warcon.cz","url":"https:\/\/www.warcon.cz\/author\/devene\/","identifier":1,"image":{"@type":"ImageObject","@id":"https:\/\/secure.gravatar.com\/avatar\/4860d213c5bedfa07ff2b166ff7b069759f9dbf79eae813578c75f9f8cb939b7?s=96&d=mm&r=g","url":"https:\/\/secure.gravatar.com\/avatar\/4860d213c5bedfa07ff2b166ff7b069759f9dbf79eae813578c75f9f8cb939b7?s=96&d=mm&r=g","height":96,"width":96}},"publisher":{"@type":"Organization","name":"warcon.cz","logo":{"@type":"ImageObject","@id":"\/logo.png","url":"\/logo.png","width":600,"height":60}},"image":{"@type":"ImageObject","@id":"https:\/\/www.warcon.cz\/wp-content\/uploads\/img_a301541_w1696_t1511626318.png","url":"https:\/\/www.warcon.cz\/wp-content\/uploads\/img_a301541_w1696_t1511626318.png","height":0,"width":0},"url":"https:\/\/www.warcon.cz\/kde-jsou-cile-tam-je-spousta-prace-o-cilech-k-cilum-pro-cile-ma-to-vubec-cenu\/","about":["Podnik\u00e1n\u00ed"],"wordCount":518,"articleBody":"Hodnota v\u011bc\u00ed je relativn\u00ed, jeliko\u017e ka\u017ed\u00fd si cen\u00edme r\u016fzn\u00fdch v\u011bc\u00ed jinak. Pro n\u011bkoho m\u016f\u017ee m\u00edt cenu slunce a jeho paprsky dopadaj\u00edc\u00ed na zemi a pro jin\u00e9ho se ob\u017eivou stal odpad, kter\u00fd ostatn\u00ed u\u017e k\u00a0ni\u010demu nepot\u0159ebuj\u00ed a jen jim p\u0159ek\u00e1\u017e\u00ed.C\u00edle jsou pro n\u00e1s hodnotn\u00e9 jen tehdy, pokud s\u00a0nimi pracujeme. N\u00e1stroj, kter\u00fd nepou\u017e\u00edv\u00e1te je zbyte\u010dn\u00fd a stejn\u011b tak se chovejte i k\u00a0nim.P\u0159esto v\u0161echno a jejich otravnost nav\u00edc je velice d\u016fle\u017eit\u00e9 c\u00edle si stanovit, jeliko\u017e n\u00e1m pom\u00e1haj\u00ed ve firemn\u00edm \u017eivot\u011b ut\u0159\u00eddit si priority a jasn\u011b si stanovit postup pr\u00e1ce. Sebelep\u0161\u00ed mana\u017eer mus\u00ed nakonec p\u0159istoupit na n\u011bjakou formu pl\u00e1nov\u00e1n\u00ed, tak pro\u010d s\u00a0t\u00edm neza\u010d\u00edt ihned a vyhnout se pozd\u011bj\u0161\u00edm probl\u00e9m\u016fm?\tC\u00edle p\u0159\u00edmo navazuj\u00ed na vizi, vych\u00e1z\u00ed z\u00a0nich podc\u00edle a ur\u010dujeme k\u00a0nim prost\u0159edky a indik\u00e1tory\tMus\u00ed\/m\u011bli by obsahovat n\u011bkolik v\u011bc\u00ed&#8211;\u00a0\u00a0\u00a0\u00a0\u00a0\u00a0\u00a0\u00a0\u00a0 Hierarchick\u00e9 uspo\u0159\u00e1d\u00e1n\u00ed pro lep\u0161\u00ed orientovatelnost, nemus\u00edte je \u010dasov\u011b vym\u00fd\u0161let, jen si je pak se\u0159a\u010fte, a\u017e to m\u00e1te p\u0159ehledn\u011bj\u0161\u00ed.&#8211;\u00a0\u00a0\u00a0\u00a0\u00a0\u00a0\u00a0\u00a0\u00a0 Co nem\u016f\u017eu zm\u011b\u0159it, nem\u00e1 vypov\u00eddaj\u00edc\u00ed hodnotu. To nemus\u00ed b\u00fdt pravda v\u00a0\u017eivot\u011b, ale ve firm\u011b to pravda je. M\u011b\u0159\u00edte za pomoc\u00ed indik\u00e1tor\u016f, kter\u00e9 si na za\u010d\u00e1tku stanov\u00edte (80% z\u00e1kazn\u00edk\u016f u m\u011b z\u016fst\u00e1v\u00e1 d\u00e9le ne\u017e 2 roky)&#8211;\u00a0\u00a0\u00a0\u00a0\u00a0\u00a0\u00a0\u00a0\u00a0 Chci-li n\u011bco prosadit, mus\u00ed to b\u00fdt akceptovateln\u00e9. Proto\u017ee je hezk\u00e9 m\u00edt c\u00edle, ale tak\u00e9 je mus\u00ed n\u011bkdo plnit, pokud jsme to my sami, pak nen\u00ed probl\u00e9m, ale ostatn\u00ed maj\u00ed tak\u00e9 n\u011bjakou svou sebe\u00factu a dal\u0161\u00ed z\u00e1brany.&#8211;\u00a0\u00a0\u00a0\u00a0\u00a0\u00a0\u00a0\u00a0\u00a0 Kdo ustrne, nep\u0159e\u017eije.Flexibilnost je po\u017eadavek doby. Pokud c\u00edl zastar\u00e1v\u00e1, inovujte ho. Nejlep\u0161\u00ed je v\u0161ak ho u\u017e na za\u010d\u00e1tku stanovit tak, aby bylo snadn\u00e9 s\u00a0n\u00edm pracovat i v\u00a0pr\u016fb\u011bhu m\u011bn\u00edc\u00edho se \u010dasu a trend\u016f.&#8211;\u00a0\u00a0\u00a0\u00a0\u00a0\u00a0\u00a0\u00a0\u00a0 Co v\u00e1s motivuje vst\u00e1t ka\u017ed\u00fd den do pr\u00e1ce? Tak a te\u010f si p\u0159edstavte, \u017ee na v\u00e1s \u0161\u00e9f naval\u00ed nesmysln\u00e9 mno\u017estv\u00ed je\u0161t\u011b nesmysln\u011bj\u0161\u00ed pr\u00e1ce a \u0159ekne ud\u011blej to v\u00a0tomto nesmysln\u00e9m \u010dase. Ur\u010dit\u011b se v\u00e1m bude cht\u00edt r\u00e1no vst\u00e1vat\u2026&#8211;\u00a0\u00a0\u00a0\u00a0\u00a0\u00a0\u00a0\u00a0\u00a0 Abstrakce a sny n\u00e1le\u017e\u00ed vizion\u00e1\u0159\u016fm. Nejste-li vizion\u00e1\u0159i, stanovujte si c\u00edle tak, aby byli re\u00e1ln\u00e9 a dosa\u017eiteln\u00e9 ve stanoven\u00e9 dob\u011b. Cht\u00edt b\u00fdt nejlep\u0161\u00ed za rok se m\u016f\u017ee pov\u00e9st velk\u00e9 firm\u011b, mal\u00e1 m\u00e1 v\u0161ak mal\u00e9 \u0161ance na \u00fasp\u011bch.&#8211;\u00a0\u00a0\u00a0\u00a0\u00a0\u00a0\u00a0\u00a0\u00a0 Kdy\u017e n\u011b\u010demu nerozum\u00edte, t\u011b\u017eko se podle toho budete \u0159\u00eddit.Srozumitelnost a snadn\u00e9 pochopen\u00ed zaru\u010d\u00ed, \u017ee se c\u00edle budou l\u00e9pe plnit nejen v\u00e1m, ale i v\u0161em okolo.Ur\u010dete si vizi.Stanovte si c\u00edle a \u0159i\u010fte si jimi.Te\u010f u\u017e m\u016f\u017eete jen sledovat, jak va\u0161e firma vzkv\u00e9t\u00e1.                                                                                                                                                                                                                                                                                                                                                                                        4.4\/5 - (8 votes)        "},{"@context":"https:\/\/schema.org\/","@type":"BreadcrumbList","itemListElement":[{"@type":"ListItem","position":1,"name":"Kde jsou c\u00edle, tam je spousta pr\u00e1ce o c\u00edlech, k c\u00edl\u016fm, pro c\u00edle\u2026 m\u00e1 to v\u016fbec cenu?","item":"https:\/\/www.warcon.cz\/kde-jsou-cile-tam-je-spousta-prace-o-cilech-k-cilum-pro-cile-ma-to-vubec-cenu\/#breadcrumbitem"}]}]