[{"@context":"https:\/\/schema.org\/","@type":"Article","@id":"https:\/\/www.warcon.cz\/jak-bojovat-s-padanim-vlasu\/#Article","mainEntityOfPage":"https:\/\/www.warcon.cz\/jak-bojovat-s-padanim-vlasu\/","headline":"Jak bojovat s pad\u00e1n\u00edm vlas\u016f","name":"Jak bojovat s pad\u00e1n\u00edm vlas\u016f","description":"Net\u00fdk\u00e1 se to jen mu\u017e\u016f, m\u016f\u017ee se to t\u00fdkat i \u017een. Doposud jste m\u011bli \u00fa\u010des p\u0159esn\u011b podle va\u0161ich p\u0159edstav, proto\u017ee jste nem\u011bli probl\u00e9my&hellip;","datePublished":"2019-08-20","dateModified":"2023-04-25","author":{"@type":"Person","@id":"https:\/\/www.warcon.cz\/author\/devene\/#Person","name":"warcon.cz","url":"https:\/\/www.warcon.cz\/author\/devene\/","identifier":1,"image":{"@type":"ImageObject","@id":"https:\/\/secure.gravatar.com\/avatar\/4860d213c5bedfa07ff2b166ff7b069759f9dbf79eae813578c75f9f8cb939b7?s=96&d=mm&r=g","url":"https:\/\/secure.gravatar.com\/avatar\/4860d213c5bedfa07ff2b166ff7b069759f9dbf79eae813578c75f9f8cb939b7?s=96&d=mm&r=g","height":96,"width":96}},"publisher":{"@type":"Organization","name":"warcon.cz","logo":{"@type":"ImageObject","@id":"\/logo.png","url":"\/logo.png","width":600,"height":60}},"image":{"@type":"ImageObject","@id":"https:\/\/www.warcon.cz\/wp-content\/uploads\/img_a358584_w1696_t1572946354.jpg","url":"https:\/\/www.warcon.cz\/wp-content\/uploads\/img_a358584_w1696_t1572946354.jpg","height":0,"width":0},"url":"https:\/\/www.warcon.cz\/jak-bojovat-s-padanim-vlasu\/","about":["Zdrav\u00ed"],"wordCount":433,"articleBody":"         Net\u00fdk\u00e1 se to jen mu\u017e\u016f, m\u016f\u017ee se to t\u00fdkat i \u017een. Doposud jste m\u011bli \u00fa\u010des p\u0159esn\u011b podle va\u0161ich p\u0159edstav, proto\u017ee jste nem\u011bli probl\u00e9my s hustotou ani objemem a l\u00edbili jste se tak sami sob\u011b? Bohu\u017eel jste se ale za\u010daly pot\u00fdkat s \u00fabytkem vlas\u016f, co\u017e se neblaze projevilo nejen na va\u0161em sebev\u011bdom\u00ed?  Co je je\u0161t\u011b v norm\u011b a co u\u017e nikoliv? Kdy se za\u010d\u00edt znepokojovat a probl\u00e9m \u0159e\u0161it? Norm\u00e1ln\u00ed je, jestli\u017ee v\u00e1m denn\u011b vypadne p\u0159ibli\u017en\u011b kolem stovky vlas\u016f, na podzim a v zim\u011b to m\u016f\u017ee b\u00fdt je\u0161t\u011b o n\u011bco v\u00edce. Pokud ale na va\u0161em pol\u0161t\u00e1\u0159i nebo h\u0159ebenu po \u010des\u00e1n\u00ed nach\u00e1z\u00edte doslova chom\u00e1\u010de, pak je pot\u0159eba tento v\u00e1\u0161 probl\u00e9m za\u010d\u00edt \u0159e\u0161it. P\u0159\u00ed\u010dinu je obvykle t\u0159eba hledat uvnit\u0159 va\u0161eho t\u011bla. MO\u017dN\u00c9 P\u0158\u00cd\u010cINY: P\u0159\u00ed\u010diny byste m\u011bli hledat v obdob\u00ed p\u0159ibli\u017en\u011b p\u0159ed 3 m\u011bs\u00edci. Mezi hlavn\u00ed p\u0159\u00ed\u010diny tohoto probl\u00e9mu pat\u0159\u00ed nej\u010dast\u011bji psychika nebo zdravotn\u00ed obt\u00ed\u017ee. P\u0159\u00ed\u010dinou m\u016f\u017ee b\u00fdt nap\u0159\u00edklad nedostatek \u017eeleza, pot\u00ed\u017ee se \u0161t\u00edtnou \u017el\u00e1zou, obdob\u00ed t\u011bhotenstv\u00ed nebo kojen\u00ed, d\u00e1le potom stres nebo u\u017e\u00edv\u00e1n\u00ed l\u00e9k\u016f. Neprosp\u00edv\u00e1 ani \u010dast\u00e9 f\u00e9nov\u00e1n\u00ed. Jak bojovat s pad\u00e1n\u00edm vlas\u016f?  D\u00e1 se v\u016fbec s t\u00edmto probl\u00e9mem n\u011bjak bojovat a dos\u00e1hnout zp\u011bt po\u017eadovan\u00e9 hustoty a kvality va\u0161\u00ed k\u0161tice? M\u016f\u017eete zkusit vym\u011bnit kosmetiku ur\u010denou k p\u00e9\u010di o poko\u017eku za jinou, vhodnou pro v\u00e1\u0161 moment\u00e1ln\u00ed probl\u00e9m. \u0158e\u0161en\u00edm tak\u00e9 mohou b\u00fdt r\u016fzn\u00e9 dopl\u0148ky stravy. Zam\u011b\u0159te se tak\u00e9 na \u00fapravu va\u0161eho j\u00eddeln\u00ed\u010dku, do kter\u00e9ho za\u0159a\u010fte potraviny bohat\u00e9 na b\u00edlkoviny a vitam\u00edny skupiny B, C, \u017eelezo, selen a ho\u0159\u010d\u00edk.  Obra\u0165te se na odborn\u00edka znal\u00e9ho v t\u00e9to oblasti Nav\u0161t\u00edvit tak\u00e9 m\u016f\u017eete specialistu v t\u00e9to oblasti &#8211; dermatologa, kter\u00fd odborn\u011b zhodnot\u00ed stav poko\u017eky hlavy, ur\u010d\u00ed mo\u017enou p\u0159\u00ed\u010dinu probl\u00e9mu a navrhne mo\u017enosti \u0159e\u0161en\u00ed. Za\u010dn\u011bte v\u010das \u0159e\u0161it v\u00e1\u0161 probl\u00e9m s vypad\u00e1v\u00e1n\u00edm vlas\u016f. Navra\u0165te si sp\u011bt va\u0161i hustou a bujnou k\u0161tici, kter\u00e1 m\u016f\u017ee op\u011bt brzy zdobit va\u0161i hlavu a navr\u00e1tit v\u00e1m tak zp\u011bt ztracen\u00e9 sebev\u011bdom\u00ed.                                                                                                                                                                                                                                                                                                                                                                                           4.7\/5 - (3 votes)        "},{"@context":"https:\/\/schema.org\/","@type":"BreadcrumbList","itemListElement":[{"@type":"ListItem","position":1,"name":"Jak bojovat s pad\u00e1n\u00edm vlas\u016f","item":"https:\/\/www.warcon.cz\/jak-bojovat-s-padanim-vlasu\/#breadcrumbitem"}]}]