{"@context":"https:\/\/schema.org\/","@type":"CollectionPage","@id":"https:\/\/www.warcon.cz\/bydleni\/#CollectionPage","headline":"Bydlen\u00ed Category","description":"","url":"https:\/\/www.warcon.cz\/bydleni\/","hasPart":[{"@type":"Article","@id":"https:\/\/www.warcon.cz\/domov-ve-kterem-je-citit-laska-a-dotek-rukou\/","headline":"Domov, ve kter\u00e9m je c\u00edtit l\u00e1ska a dotek rukou","url":"https:\/\/www.warcon.cz\/domov-ve-kterem-je-citit-laska-a-dotek-rukou\/","datePublished":"2025-03-04","dateModified":"2023-04-25","mainEntityOfPage":"https:\/\/www.warcon.cz\/domov-ve-kterem-je-citit-laska-a-dotek-rukou\/","author":{"@type":"Person","@id":"https:\/\/www.warcon.cz\/author\/devene\/#Person","name":"warcon.cz","url":"https:\/\/www.warcon.cz\/author\/devene\/","identifier":1,"image":{"@type":"ImageObject","@id":"https:\/\/secure.gravatar.com\/avatar\/4860d213c5bedfa07ff2b166ff7b069759f9dbf79eae813578c75f9f8cb939b7?s=96&d=mm&r=g","url":"https:\/\/secure.gravatar.com\/avatar\/4860d213c5bedfa07ff2b166ff7b069759f9dbf79eae813578c75f9f8cb939b7?s=96&d=mm&r=g","height":96,"width":96}},"publisher":{"@type":"Organization","name":"warcon.cz","logo":{"@type":"ImageObject","@id":"\/logo.png","url":"\/logo.png","width":600,"height":60}},"image":{"@type":"ImageObject","@id":"https:\/\/www.warcon.cz\/wp-content\/uploads\/img_a303195_w1696_t1513371052.jpg","url":"https:\/\/www.warcon.cz\/wp-content\/uploads\/img_a303195_w1696_t1513371052.jpg","height":0,"width":0},"keywords":null},{"@type":"Article","@id":"https:\/\/www.warcon.cz\/bydlet-v-malem-byte-neni-trest-zjistete-jak-si-jej-zaridit-mile-a-utulne\/","headline":"Bydlet v mal\u00e9m byt\u011b nen\u00ed trest. Zjist\u011bte, jak si jej za\u0159\u00eddit mile a \u00fatuln\u011b","url":"https:\/\/www.warcon.cz\/bydlet-v-malem-byte-neni-trest-zjistete-jak-si-jej-zaridit-mile-a-utulne\/","datePublished":"2025-03-02","dateModified":"2023-04-25","mainEntityOfPage":"https:\/\/www.warcon.cz\/bydlet-v-malem-byte-neni-trest-zjistete-jak-si-jej-zaridit-mile-a-utulne\/","author":{"@type":"Person","@id":"https:\/\/www.warcon.cz\/author\/devene\/#Person","name":"warcon.cz","url":"https:\/\/www.warcon.cz\/author\/devene\/","identifier":1,"image":{"@type":"ImageObject","@id":"https:\/\/secure.gravatar.com\/avatar\/4860d213c5bedfa07ff2b166ff7b069759f9dbf79eae813578c75f9f8cb939b7?s=96&d=mm&r=g","url":"https:\/\/secure.gravatar.com\/avatar\/4860d213c5bedfa07ff2b166ff7b069759f9dbf79eae813578c75f9f8cb939b7?s=96&d=mm&r=g","height":96,"width":96}},"publisher":{"@type":"Organization","name":"warcon.cz","logo":{"@type":"ImageObject","@id":"\/logo.png","url":"\/logo.png","width":600,"height":60}},"image":{"@type":"ImageObject","@id":"https:\/\/www.warcon.cz\/wp-content\/uploads\/img_a290138_w1696_t1502174500.jpg","url":"https:\/\/www.warcon.cz\/wp-content\/uploads\/img_a290138_w1696_t1502174500.jpg","height":0,"width":0},"keywords":null},{"@type":"Article","@id":"https:\/\/www.warcon.cz\/malujeme-pokoje\/","headline":"Malujeme pokoje","url":"https:\/\/www.warcon.cz\/malujeme-pokoje\/","datePublished":"2025-02-28","dateModified":"2023-04-25","mainEntityOfPage":"https:\/\/www.warcon.cz\/malujeme-pokoje\/","author":{"@type":"Person","@id":"https:\/\/www.warcon.cz\/author\/devene\/#Person","name":"warcon.cz","url":"https:\/\/www.warcon.cz\/author\/devene\/","identifier":1,"image":{"@type":"ImageObject","@id":"https:\/\/secure.gravatar.com\/avatar\/4860d213c5bedfa07ff2b166ff7b069759f9dbf79eae813578c75f9f8cb939b7?s=96&d=mm&r=g","url":"https:\/\/secure.gravatar.com\/avatar\/4860d213c5bedfa07ff2b166ff7b069759f9dbf79eae813578c75f9f8cb939b7?s=96&d=mm&r=g","height":96,"width":96}},"publisher":{"@type":"Organization","name":"warcon.cz","logo":{"@type":"ImageObject","@id":"\/logo.png","url":"\/logo.png","width":600,"height":60}},"image":{"@type":"ImageObject","@id":"https:\/\/www.warcon.cz\/wp-content\/uploads\/img_a331396_w1696_t1543828719.jpg","url":"https:\/\/www.warcon.cz\/wp-content\/uploads\/img_a331396_w1696_t1543828719.jpg","height":0,"width":0},"keywords":null},{"@type":"Article","@id":"https:\/\/www.warcon.cz\/nenechte-svuj-balkon-zahalet\/","headline":"Nenechte sv\u016fj balkon zah\u00e1let","url":"https:\/\/www.warcon.cz\/nenechte-svuj-balkon-zahalet\/","datePublished":"2023-04-25","dateModified":"2023-04-25","mainEntityOfPage":"https:\/\/www.warcon.cz\/nenechte-svuj-balkon-zahalet\/","author":{"@type":"Person","@id":"https:\/\/www.warcon.cz\/author\/devene\/#Person","name":"warcon.cz","url":"https:\/\/www.warcon.cz\/author\/devene\/","identifier":1,"image":{"@type":"ImageObject","@id":"https:\/\/secure.gravatar.com\/avatar\/4860d213c5bedfa07ff2b166ff7b069759f9dbf79eae813578c75f9f8cb939b7?s=96&d=mm&r=g","url":"https:\/\/secure.gravatar.com\/avatar\/4860d213c5bedfa07ff2b166ff7b069759f9dbf79eae813578c75f9f8cb939b7?s=96&d=mm&r=g","height":96,"width":96}},"publisher":{"@type":"Organization","name":"warcon.cz","logo":{"@type":"ImageObject","@id":"\/logo.png","url":"\/logo.png","width":600,"height":60}},"image":null,"keywords":null},{"@type":"Article","@id":"https:\/\/www.warcon.cz\/zkraslete-sve-zdi-originalnimi-dekoracemi\/","headline":"Zkr\u00e1\u0161lete sv\u00e9 zdi origin\u00e1ln\u00edmi dekoracemi","url":"https:\/\/www.warcon.cz\/zkraslete-sve-zdi-originalnimi-dekoracemi\/","datePublished":"2023-04-25","dateModified":"2023-04-25","mainEntityOfPage":"https:\/\/www.warcon.cz\/zkraslete-sve-zdi-originalnimi-dekoracemi\/","author":{"@type":"Person","@id":"https:\/\/www.warcon.cz\/author\/devene\/#Person","name":"warcon.cz","url":"https:\/\/www.warcon.cz\/author\/devene\/","identifier":1,"image":{"@type":"ImageObject","@id":"https:\/\/secure.gravatar.com\/avatar\/4860d213c5bedfa07ff2b166ff7b069759f9dbf79eae813578c75f9f8cb939b7?s=96&d=mm&r=g","url":"https:\/\/secure.gravatar.com\/avatar\/4860d213c5bedfa07ff2b166ff7b069759f9dbf79eae813578c75f9f8cb939b7?s=96&d=mm&r=g","height":96,"width":96}},"publisher":{"@type":"Organization","name":"warcon.cz","logo":{"@type":"ImageObject","@id":"\/logo.png","url":"\/logo.png","width":600,"height":60}},"image":null,"keywords":null},{"@type":"Article","@id":"https:\/\/www.warcon.cz\/myslete-na-budoucnost-provozujte-domacnost-setrnou-k-zivotnimu-prostredi\/","headline":"Myslete na budoucnost. Provozujte dom\u00e1cnost \u0161etrnou k \u017eivotn\u00edmu prost\u0159ed\u00ed","url":"https:\/\/www.warcon.cz\/myslete-na-budoucnost-provozujte-domacnost-setrnou-k-zivotnimu-prostredi\/","datePublished":"2023-04-25","dateModified":"2023-04-25","mainEntityOfPage":"https:\/\/www.warcon.cz\/myslete-na-budoucnost-provozujte-domacnost-setrnou-k-zivotnimu-prostredi\/","author":{"@type":"Person","@id":"https:\/\/www.warcon.cz\/author\/devene\/#Person","name":"warcon.cz","url":"https:\/\/www.warcon.cz\/author\/devene\/","identifier":1,"image":{"@type":"ImageObject","@id":"https:\/\/secure.gravatar.com\/avatar\/4860d213c5bedfa07ff2b166ff7b069759f9dbf79eae813578c75f9f8cb939b7?s=96&d=mm&r=g","url":"https:\/\/secure.gravatar.com\/avatar\/4860d213c5bedfa07ff2b166ff7b069759f9dbf79eae813578c75f9f8cb939b7?s=96&d=mm&r=g","height":96,"width":96}},"publisher":{"@type":"Organization","name":"warcon.cz","logo":{"@type":"ImageObject","@id":"\/logo.png","url":"\/logo.png","width":600,"height":60}},"image":null,"keywords":null},{"@type":"Article","@id":"https:\/\/www.warcon.cz\/zaridte-si-bydleni-ve-stylu-provence\/","headline":"Za\u0159i\u010fte si bydlen\u00ed ve stylu Provence","url":"https:\/\/www.warcon.cz\/zaridte-si-bydleni-ve-stylu-provence\/","datePublished":"2023-04-25","dateModified":"2023-04-25","mainEntityOfPage":"https:\/\/www.warcon.cz\/zaridte-si-bydleni-ve-stylu-provence\/","author":{"@type":"Person","@id":"https:\/\/www.warcon.cz\/author\/devene\/#Person","name":"warcon.cz","url":"https:\/\/www.warcon.cz\/author\/devene\/","identifier":1,"image":{"@type":"ImageObject","@id":"https:\/\/secure.gravatar.com\/avatar\/4860d213c5bedfa07ff2b166ff7b069759f9dbf79eae813578c75f9f8cb939b7?s=96&d=mm&r=g","url":"https:\/\/secure.gravatar.com\/avatar\/4860d213c5bedfa07ff2b166ff7b069759f9dbf79eae813578c75f9f8cb939b7?s=96&d=mm&r=g","height":96,"width":96}},"publisher":{"@type":"Organization","name":"warcon.cz","logo":{"@type":"ImageObject","@id":"\/logo.png","url":"\/logo.png","width":600,"height":60}},"image":null,"keywords":null},{"@type":"Article","@id":"https:\/\/www.warcon.cz\/jak-nam-muze-bytovy-architekt-pomoci\/","headline":"Jak n\u00e1m m\u016f\u017ee bytov\u00fd architekt pomoci","url":"https:\/\/www.warcon.cz\/jak-nam-muze-bytovy-architekt-pomoci\/","datePublished":"2019-12-08","dateModified":"2023-04-25","mainEntityOfPage":"https:\/\/www.warcon.cz\/jak-nam-muze-bytovy-architekt-pomoci\/","author":{"@type":"Person","@id":"https:\/\/www.warcon.cz\/author\/devene\/#Person","name":"warcon.cz","url":"https:\/\/www.warcon.cz\/author\/devene\/","identifier":1,"image":{"@type":"ImageObject","@id":"https:\/\/secure.gravatar.com\/avatar\/4860d213c5bedfa07ff2b166ff7b069759f9dbf79eae813578c75f9f8cb939b7?s=96&d=mm&r=g","url":"https:\/\/secure.gravatar.com\/avatar\/4860d213c5bedfa07ff2b166ff7b069759f9dbf79eae813578c75f9f8cb939b7?s=96&d=mm&r=g","height":96,"width":96}},"publisher":{"@type":"Organization","name":"warcon.cz","logo":{"@type":"ImageObject","@id":"\/logo.png","url":"\/logo.png","width":600,"height":60}},"image":{"@type":"ImageObject","@id":"https:\/\/www.warcon.cz\/wp-content\/uploads\/img_a368352_w1696_t1580573655.jpg","url":"https:\/\/www.warcon.cz\/wp-content\/uploads\/img_a368352_w1696_t1580573655.jpg","height":0,"width":0},"keywords":null},{"@type":"Article","@id":"https:\/\/www.warcon.cz\/zimni-zahrada\/","headline":"Zimn\u00ed zahrada","url":"https:\/\/www.warcon.cz\/zimni-zahrada\/","datePublished":"2019-11-15","dateModified":"2023-04-25","mainEntityOfPage":"https:\/\/www.warcon.cz\/zimni-zahrada\/","author":{"@type":"Person","@id":"https:\/\/www.warcon.cz\/author\/devene\/#Person","name":"warcon.cz","url":"https:\/\/www.warcon.cz\/author\/devene\/","identifier":1,"image":{"@type":"ImageObject","@id":"https:\/\/secure.gravatar.com\/avatar\/4860d213c5bedfa07ff2b166ff7b069759f9dbf79eae813578c75f9f8cb939b7?s=96&d=mm&r=g","url":"https:\/\/secure.gravatar.com\/avatar\/4860d213c5bedfa07ff2b166ff7b069759f9dbf79eae813578c75f9f8cb939b7?s=96&d=mm&r=g","height":96,"width":96}},"publisher":{"@type":"Organization","name":"warcon.cz","logo":{"@type":"ImageObject","@id":"\/logo.png","url":"\/logo.png","width":600,"height":60}},"image":{"@type":"ImageObject","@id":"https:\/\/www.warcon.cz\/wp-content\/uploads\/img_a365306_w1696_t1578233805.jpg","url":"https:\/\/www.warcon.cz\/wp-content\/uploads\/img_a365306_w1696_t1578233805.jpg","height":0,"width":0},"keywords":null},{"@type":"Article","@id":"https:\/\/www.warcon.cz\/neni-plot-jako-plot\/","headline":"Nen\u00ed plot, jako plot","url":"https:\/\/www.warcon.cz\/neni-plot-jako-plot\/","datePublished":"2019-11-13","dateModified":"2023-04-25","mainEntityOfPage":"https:\/\/www.warcon.cz\/neni-plot-jako-plot\/","author":{"@type":"Person","@id":"https:\/\/www.warcon.cz\/author\/devene\/#Person","name":"warcon.cz","url":"https:\/\/www.warcon.cz\/author\/devene\/","identifier":1,"image":{"@type":"ImageObject","@id":"https:\/\/secure.gravatar.com\/avatar\/4860d213c5bedfa07ff2b166ff7b069759f9dbf79eae813578c75f9f8cb939b7?s=96&d=mm&r=g","url":"https:\/\/secure.gravatar.com\/avatar\/4860d213c5bedfa07ff2b166ff7b069759f9dbf79eae813578c75f9f8cb939b7?s=96&d=mm&r=g","height":96,"width":96}},"publisher":{"@type":"Organization","name":"warcon.cz","logo":{"@type":"ImageObject","@id":"\/logo.png","url":"\/logo.png","width":600,"height":60}},"image":{"@type":"ImageObject","@id":"https:\/\/www.warcon.cz\/wp-content\/uploads\/img_a365458_w1696_t1578305595.jpg","url":"https:\/\/www.warcon.cz\/wp-content\/uploads\/img_a365458_w1696_t1578305595.jpg","height":0,"width":0},"keywords":null}]}