[{"@context":"https:\/\/schema.org\/","@type":"Article","@id":"https:\/\/www.warcon.cz\/bojite-se-odchodu-do-duchodu\/#Article","mainEntityOfPage":"https:\/\/www.warcon.cz\/bojite-se-odchodu-do-duchodu\/","headline":"Boj\u00edte se odchodu do d\u016fchodu","name":"Boj\u00edte se odchodu do d\u016fchodu","description":"Chcete v\u00edce informac\u00ed o d\u016fchodu U\u017e se t\u011b\u0161\u00edte a\u017e budete v d\u016fchodu a budete m\u00edt \u010das na v\u0161echno, na co jste ho dosud&hellip;","datePublished":"2025-04-27","dateModified":"2025-04-27","author":{"@type":"Person","@id":"https:\/\/www.warcon.cz\/author\/devene\/#Person","name":"warcon.cz","url":"https:\/\/www.warcon.cz\/author\/devene\/","identifier":1,"image":{"@type":"ImageObject","@id":"https:\/\/secure.gravatar.com\/avatar\/4860d213c5bedfa07ff2b166ff7b069759f9dbf79eae813578c75f9f8cb939b7?s=96&d=mm&r=g","url":"https:\/\/secure.gravatar.com\/avatar\/4860d213c5bedfa07ff2b166ff7b069759f9dbf79eae813578c75f9f8cb939b7?s=96&d=mm&r=g","height":96,"width":96}},"publisher":{"@type":"Organization","name":"warcon.cz","logo":{"@type":"ImageObject","@id":"\/logo.png","url":"\/logo.png","width":600,"height":60}},"url":"https:\/\/www.warcon.cz\/bojite-se-odchodu-do-duchodu\/","wordCount":232,"articleBody":" Chcete v\u00edce informac\u00ed o d\u016fchodu U\u017e se t\u011b\u0161\u00edte a\u017e budete v d\u016fchodu a budete m\u00edt \u010das na v\u0161echno, na co jste ho dosud nem\u011bli? Ale m\u011bli byste si rozmyslet, kdy do d\u016fchodu. Spr\u00e1vn\u00fd term\u00edn odchodu do d\u016fchodu V\u00e1m m\u016f\u017ee hodn\u011b zm\u011bnit v\u00fd\u0161i d\u016fchodu. D\u00e1me v\u00e1m mnoho informac\u00ed o d\u016fchodu Jak jste si jist\u011b u\u017e v\u0161imli, na\u0161e v\u00fdstupn\u00ed zpr\u00e1va s n\u00e1zvem d\u016fchodov\u00fd v\u011bk obsahuje tak\u00e9 \u010d\u00e1st obecnou. Zde najdete ve\u0161ker\u00e9 obecn\u00e9 n\u00e1le\u017eitosti, zjist\u00edte datum, kdy m\u00e1te n\u00e1rok na \u0159\u00e1dn\u00fd a kdy na p\u0159ed\u010dasn\u00fd d\u016fchod a mimo jin\u00e9 zde zjist\u00edte podrobn\u00fd postup pod\u00e1v\u00e1n\u00ed \u017e\u00e1dosti o d\u016fchod. A to v\u0161e se m\u016f\u017ee hodit. Poradenstv\u00ed M\u00e1te u\u017e v\u011bk odej\u00edt do d\u016fchodu, ale zase m\u00e1te zaj\u00edmavou pr\u00e1ci, kter\u00e1 V\u00e1s napl\u0148uje a c\u00edt\u00edte se v pln\u00e9 s\u00edle? Tak si \u010dasto kladete, kdy je ta spr\u00e1vn\u00e1 doba, kdy do d\u016fchodu. Mezi n\u00e1mi nab\u00edzen\u00e9 slu\u017eby pat\u0159\u00ed tak\u00e9 poradenstv\u00ed, na\u0161i konzultanti s V\u00e1mi promluv\u00ed a na z\u00e1klad\u011b takto poskytnut\u00fdch informac\u00ed V\u00e1m daj\u00ed doporu\u010den\u00ed, co je pro V\u00e1s nejv\u00fdhodn\u011bj\u0161\u00ed z finan\u010dn\u00edho hlediska.                                                                                                                                                                                                                                                                                                                                                                                                 "},{"@context":"https:\/\/schema.org\/","@type":"BreadcrumbList","itemListElement":[{"@type":"ListItem","position":1,"name":"Boj\u00edte se odchodu do d\u016fchodu","item":"https:\/\/www.warcon.cz\/bojite-se-odchodu-do-duchodu\/#breadcrumbitem"}]}]